{"id":132,"date":"2020-08-26T01:35:41","date_gmt":"2020-08-26T04:35:41","guid":{"rendered":"https:\/\/forca1locacoes.com.br\/blog\/?p=132"},"modified":"2021-06-14T11:08:16","modified_gmt":"2021-06-14T14:08:16","slug":"plataforma-individual","status":"publish","type":"post","link":"https:\/\/forca1locacoes.com.br\/blog\/plataforma-individual\/","title":{"rendered":"Onde posso utilizar a plataforma individual elevat\u00f3ria?"},"content":{"rendered":"\n<figure class=\"wp-block-image alignwide size-large\"><img loading=\"lazy\" decoding=\"async\" width=\"1024\" height=\"1024\" src=\"https:\/\/forca1locacoes.com.br\/blog\/wp-content\/uploads\/2020\/08\/Quickup12-1024x1024.jpeg\" alt=\"plataforma individual\" class=\"wp-image-143\" srcset=\"https:\/\/forca1locacoes.com.br\/blog\/wp-content\/uploads\/2020\/08\/Quickup12-1024x1024.jpeg 1024w, https:\/\/forca1locacoes.com.br\/blog\/wp-content\/uploads\/2020\/08\/Quickup12-300x300.jpeg 300w, https:\/\/forca1locacoes.com.br\/blog\/wp-content\/uploads\/2020\/08\/Quickup12-150x150.jpeg 150w, https:\/\/forca1locacoes.com.br\/blog\/wp-content\/uploads\/2020\/08\/Quickup12-768x768.jpeg 768w, https:\/\/forca1locacoes.com.br\/blog\/wp-content\/uploads\/2020\/08\/Quickup12-280x280.jpeg 280w, https:\/\/forca1locacoes.com.br\/blog\/wp-content\/uploads\/2020\/08\/Quickup12.jpeg 1388w\" sizes=\"auto, (max-width: 1024px) 100vw, 1024px\" \/><figcaption>plataforma individual<\/figcaption><\/figure>\n\n\n\n<p>As plataformas s\u00e3o uma cria\u00e7\u00e3o incr\u00edvel capaz de auxiliar as pessoas e facilitar qualquer tipo de servi\u00e7o, com alta qualidade e seguran\u00e7a. Dentre os mais variados tipos de plataformas, temos em especial, a <strong>plataforma individual<\/strong> elevat\u00f3ria, a qual apresenta grandes vantagens como a sua praticidade, utilidade, flexibilidade e utiliza\u00e7\u00e3o.<\/p>\n\n\n\n<br>\n\n\n\n<p>S\u00e3o adaptadas para trabalhos em ambientes internos e seus estabilizadores protegem os pisos e seus pneus n\u00e3o deixam marcas. Sem contar o seu baixo peso, o qual permite sua utiliza\u00e7\u00e3o em pisos fr\u00e1geis. Por serem compactas, podem passar por portas e serem transportadas em elevadores.<\/p>\n\n\n\n<br>\n\n\n\n<p>Outrossim, vale destacar que a plataforma elevat\u00f3ria \u00e9 um equipamento desenvolvido para facilitar o trabalho em altura, sem que haja a necessidade de utiliza\u00e7\u00e3o de andaimes. <\/p>\n\n\n\n<br>\n\n\n\n<p>Por exemplo, proporcionando uma maior comodidade e um acesso menos complicado para os trabalhadores encarregados de realizarem esse tipo de trabalho.<\/p>\n\n\n\n<br>\n\n\n\n<p>Nesse artigo vamos entender mais sobre onde utilizar esse tipo de plataforma e as suas principais caracter\u00edsticas dos mesmos.<\/p>\n\n\n\n<br>\n\n\n\n\n\n<figure class=\"wp-block-image size-large is-resized\"><a href=\"forca1locacoes.com.br\"><img loading=\"lazy\" decoding=\"async\" src=\"https:\/\/forca1locacoes.com.br\/blog\/wp-content\/uploads\/2020\/07\/Banner_For\u00e7a1_02.png\" alt=\"\" class=\"wp-image-113\" width=\"350\" height=\"250\" srcset=\"https:\/\/forca1locacoes.com.br\/blog\/wp-content\/uploads\/2020\/07\/Banner_For\u00e7a1_02.png 700w, https:\/\/forca1locacoes.com.br\/blog\/wp-content\/uploads\/2020\/07\/Banner_For\u00e7a1_02-300x214.png 300w\" sizes=\"auto, (max-width: 350px) 100vw, 350px\" \/><\/a><\/figure>\n\n\n\n<h2 class=\"wp-block-heading\"><strong><em>Utiliza\u00e7\u00e3o da Plataforma Individual Elevat\u00f3ria<\/em><\/strong><\/h2>\n\n\n\n<p>Vale ressaltar que a plataforma individual \u00e9 um equipamento muito indicado para ambientes internos ou externos e servi\u00e7os de pequeno porte. <\/p>\n\n\n\n<br>\n\n\n\n<p>Certamente devido \u00e0 sua capacidade restrita de carregar apenas de um operador e seu espa\u00e7o limitado do cesto para o armazenamento dos materiais utilizados nas atividades.<\/p>\n\n\n\n<br>\n\n\n\n<p>Por isso, a plataforma individual \u00e9 mais leve que outros modelos de plataforma de maior capacidade, e isso facilita seu uso at\u00e9 mesmo em locais mais dif\u00edceis e restritos.<\/p>\n\n\n\n<br>\n\n\n\n<p>Nesse sentido, por contar com grande flexibilidade, a plataforma individual \u00e9 o modelo ideal para atividades em altura, possibilitando, ao operador, f\u00e1cil acesso at\u00e9 mesmo em pontos considerados inalcan\u00e7\u00e1veis.&nbsp;<\/p>\n\n\n\n<br>\n\n\n\n<h2 class=\"wp-block-heading\">Atividades utilizando plataforma individual<\/h2>\n\n\n\n<p>Dessa maneira, \u00e9 poss\u00edvel realizar as mais diversas atividades, tais como: limpeza predial, pintura predial, reformas, manuten\u00e7\u00f5es preditivas, corretivas e preventivas, instala\u00e7\u00e3o de equipamentos, instala\u00e7\u00f5es de faixas e banner, atua\u00e7\u00f5es em pr\u00e9dios, lojas, supermercados, com\u00e9rcios, ind\u00fastrias, al\u00e9m de servi\u00e7os p\u00fablicos em postes e sem\u00e1foros, entre outros.<\/p>\n\n\n\n<br>\n\n\n\n<p>\u00c9 poss\u00edvel perceber que a utilidade desse tipo de plataforma \u00e9 alt\u00edssima, podendo ser \u00fatil para os mais variados tipos de servi\u00e7os. Em manuten\u00e7\u00f5es preditivas, por exemplo, a plataforma individual elevat\u00f3ria \u00e9 a melhor op\u00e7\u00e3o. Pois al\u00e9m de garantir que o servi\u00e7o seja realizado com alto grau de qualidade, tamb\u00e9m garante um alto grau de seguran\u00e7a.<\/p>\n\n\n\n<figure class=\"wp-block-image size-large is-resized\"><a href=\"https:\/\/forca1locacoes.com.br\/plataforma-individual\/\"><img loading=\"lazy\" decoding=\"async\" src=\"https:\/\/forca1locacoes.com.br\/blog\/wp-content\/uploads\/2020\/07\/Banner_For\u00e7a1_02.png\" alt=\"\" class=\"wp-image-113\" width=\"350\" height=\"250\" srcset=\"https:\/\/forca1locacoes.com.br\/blog\/wp-content\/uploads\/2020\/07\/Banner_For\u00e7a1_02.png 700w, https:\/\/forca1locacoes.com.br\/blog\/wp-content\/uploads\/2020\/07\/Banner_For\u00e7a1_02-300x214.png 300w\" sizes=\"auto, (max-width: 350px) 100vw, 350px\" \/><\/a><\/figure>\n\n\n\n<br>\n\n\n\n<p>Dessa forma, quando se trata da limpeza de janelas ou alguma instala\u00e7\u00e3o que exige mais altura, essa plataforma se torna a melhor sa\u00edda. Garantindo que tudo se cumpra nas melhores situa\u00e7\u00f5es poss\u00edveis.<\/p>\n\n\n\n<br>\n\n\n\n<p>Este exemplo serve para qualquer outro tipo de atividade, seja em instala\u00e7\u00f5es de equipamentos, consertos ou adequa\u00e7\u00f5es em avi\u00f5es. Seja em atividades dentro de uma ind\u00fastria que necessite de um equipamento seguro, alto e flex\u00edvel o bastante para atender essa demanda.<\/p>\n\n\n\n<br>\n\n\n\n<p>Outrossim, a plataforma individual tem ainda grande resist\u00eancia e pode ser utilizada por longos per\u00edodos sem que sofra qualquer altera\u00e7\u00e3o em seu funcionamento. Por ter mobilidade totalmente segura e eficiente, o operador consegue executar todas as suas atividades com a plataforma individual. De maneira r\u00e1pida com tudo pronto em um curto espa\u00e7o de tempo.<\/p>\n\n\n\n<br>\n\n\n\n<h2 class=\"wp-block-heading\">Capacidade da Plataforma Individual<\/h2>\n\n\n\n<p>Al\u00e9m disso, a plataforma individual tamb\u00e9m tem capacidade para cerca de 150 quilos de carga, o que pode variar conforme o seu tamanho e a altura \u2013 caracter\u00edsticas que devem ser consultadas com a fabricante \u2013, pois o peso envolve o operador e os materiais que ser\u00e3o carregados. Al\u00e9m disso, \u00e9 um equipamento completamente robusto, resistente, que n\u00e3o balan\u00e7a durante a eleva\u00e7\u00e3o e tem \u00f3tima estabilidade atingir a altura desejada pelo operador.<\/p>\n\n\n\n<br>\n\n\n\n<p>Portanto, pode-se notar que a plataforma individual \u00e9 de alta import\u00e2ncia para v\u00e1rias atividades listadas neste artigo. Auxiliando da melhor forma poss\u00edvel no seu servi\u00e7o, contando com alta qualidade, flexibilidade e seguran\u00e7a &#8211; \u00e9 a escolha certa, sem d\u00favidas.<\/p>\n","protected":false},"excerpt":{"rendered":"<p>As plataformas s\u00e3o uma cria\u00e7\u00e3o incr\u00edvel capaz de auxiliar as pessoas e facilitar qualquer tipo de servi\u00e7o, com alta qualidade e seguran\u00e7a. Dentre os mais variados tipos de plataformas, temos em especial, a plataforma individual elevat\u00f3ria, a qual apresenta grandes vantagens como a sua praticidade, utilidade, flexibilidade e utiliza\u00e7\u00e3o. S\u00e3o adaptadas para trabalhos em ambientes [&hellip;]<\/p>\n","protected":false},"author":1,"featured_media":0,"comment_status":"open","ping_status":"open","sticky":false,"template":"","format":"standard","meta":{"footnotes":""},"categories":[5],"tags":[10],"class_list":["post-132","post","type-post","status-publish","format-standard","hentry","category-equipamentos","tag-pta-plataforma-individual-logistica"],"_links":{"self":[{"href":"https:\/\/forca1locacoes.com.br\/blog\/wp-json\/wp\/v2\/posts\/132","targetHints":{"allow":["GET"]}}],"collection":[{"href":"https:\/\/forca1locacoes.com.br\/blog\/wp-json\/wp\/v2\/posts"}],"about":[{"href":"https:\/\/forca1locacoes.com.br\/blog\/wp-json\/wp\/v2\/types\/post"}],"author":[{"embeddable":true,"href":"https:\/\/forca1locacoes.com.br\/blog\/wp-json\/wp\/v2\/users\/1"}],"replies":[{"embeddable":true,"href":"https:\/\/forca1locacoes.com.br\/blog\/wp-json\/wp\/v2\/comments?post=132"}],"version-history":[{"count":4,"href":"https:\/\/forca1locacoes.com.br\/blog\/wp-json\/wp\/v2\/posts\/132\/revisions"}],"predecessor-version":[{"id":144,"href":"https:\/\/forca1locacoes.com.br\/blog\/wp-json\/wp\/v2\/posts\/132\/revisions\/144"}],"wp:attachment":[{"href":"https:\/\/forca1locacoes.com.br\/blog\/wp-json\/wp\/v2\/media?parent=132"}],"wp:term":[{"taxonomy":"category","embeddable":true,"href":"https:\/\/forca1locacoes.com.br\/blog\/wp-json\/wp\/v2\/categories?post=132"},{"taxonomy":"post_tag","embeddable":true,"href":"https:\/\/forca1locacoes.com.br\/blog\/wp-json\/wp\/v2\/tags?post=132"}],"curies":[{"name":"wp","href":"https:\/\/api.w.org\/{rel}","templated":true}]}}