{"id":249,"date":"2025-03-28T13:21:25","date_gmt":"2025-03-28T16:21:25","guid":{"rendered":"https:\/\/forca1locacoes.com.br\/blog\/?p=249"},"modified":"2025-03-28T13:24:01","modified_gmt":"2025-03-28T16:24:01","slug":"forca-1-expansao-e-tecnologia-no-setor-de-locacao-de-equipamentos","status":"publish","type":"post","link":"https:\/\/forca1locacoes.com.br\/blog\/forca-1-expansao-e-tecnologia-no-setor-de-locacao-de-equipamentos\/","title":{"rendered":"For\u00e7a 1: Expans\u00e3o e Tecnologia no Setor de Loca\u00e7\u00e3o de Equipamentos"},"content":{"rendered":"\n<figure class=\"wp-block-image size-full\"><img loading=\"lazy\" decoding=\"async\" width=\"453\" height=\"602\" src=\"https:\/\/forca1locacoes.com.br\/blog\/wp-content\/uploads\/2025\/03\/Screenshot_9.png\" alt=\"\" class=\"wp-image-250\" srcset=\"https:\/\/forca1locacoes.com.br\/blog\/wp-content\/uploads\/2025\/03\/Screenshot_9.png 453w, https:\/\/forca1locacoes.com.br\/blog\/wp-content\/uploads\/2025\/03\/Screenshot_9-226x300.png 226w\" sizes=\"auto, (max-width: 453px) 100vw, 453px\" \/><\/figure>\n\n\n\n<p>Nossa empresa tem se consolidado como refer\u00eancia no setor de loca\u00e7\u00e3o de equipamentos para trabalhos em altura, movimenta\u00e7\u00e3o de cargas e projetos de grande porte. Com uma trajet\u00f3ria marcada por inova\u00e7\u00e3o e compromisso com a excel\u00eancia, temos ampliado nossa presen\u00e7a no mercado, garantindo mais efici\u00eancia e seguran\u00e7a para nossos clientes.<\/p>\n\n\n\n<p>Recentemente, nosso Gerente Comercial participou de um podcast onde compartilhou informa\u00e7\u00f5es sobre a expans\u00e3o da For\u00e7a 1 e as tend\u00eancias do mercado.<\/p>\n\n\n\n<h2 class=\"wp-block-heading\"><strong>Expans\u00e3o para S\u00e3o Paulo<\/strong><\/h2>\n\n\n\n<p>Um dos principais assuntos abordados foi nossa chegada ao estado de S\u00e3o Paulo, com a inaugura\u00e7\u00e3o da unidade em Indaiatuba. Essa nova base estrat\u00e9gica nos permite atender com ainda mais efici\u00eancia clientes da regi\u00e3o, garantindo suporte r\u00e1pido, uma frota diversificada e solu\u00e7\u00f5es personalizadas para diversos setores, como ind\u00fastria, log\u00edstica, manuten\u00e7\u00e3o, constru\u00e7\u00e3o e eventos.<\/p>\n\n\n\n<h2 class=\"wp-block-heading\"><strong>Compromisso com a Qualidade<\/strong><\/h2>\n\n\n\n<p>Continuamos investindo na amplia\u00e7\u00e3o da nossa frota com equipamentos modernos e no estabelecimento de parcerias estrat\u00e9gicas com fabricantes do setor, sempre buscando aprimorar o atendimento e suporte t\u00e9cnico oferecidos aos nossos clientes.<\/p>\n\n\n\n<h2 class=\"wp-block-heading\"><strong>Acompanhe as Novidades<\/strong><\/h2>\n\n\n\n<p>O podcast traz insights valiosos sobre o setor de loca\u00e7\u00e3o de equipamentos.\u00a0 Assista o epis\u00f3dio completo abaixo:<br><\/p>\n\n\n\n<iframe loading=\"lazy\" width=\"560\" height=\"315\" src=\"https:\/\/www.youtube.com\/embed\/lQIFLi2imhQ?si=jL3mdnMzQ9yolO-p\" title=\"YouTube video player\" frameborder=\"0\" allow=\"accelerometer; autoplay; clipboard-write; encrypted-media; gyroscope; picture-in-picture; web-share\" referrerpolicy=\"strict-origin-when-cross-origin\" allowfullscreen><\/iframe>\n\n\n\n<p><br>Para mais informa\u00e7\u00f5es sobre nossos servi\u00e7os e inova\u00e7\u00f5es, continue acompanhando nosso blog e siga a For\u00e7a 1 nas redes sociais.<\/p>\n","protected":false},"excerpt":{"rendered":"<p>Nossa empresa tem se consolidado como refer\u00eancia no setor de loca\u00e7\u00e3o de equipamentos para trabalhos em altura, movimenta\u00e7\u00e3o de cargas e projetos de grande porte. Com uma trajet\u00f3ria marcada por inova\u00e7\u00e3o e compromisso com a excel\u00eancia, temos ampliado nossa presen\u00e7a no mercado, garantindo mais efici\u00eancia e seguran\u00e7a para nossos clientes. Recentemente, nosso Gerente Comercial participou [&hellip;]<\/p>\n","protected":false},"author":1,"featured_media":0,"comment_status":"open","ping_status":"open","sticky":false,"template":"","format":"standard","meta":{"footnotes":""},"categories":[1],"tags":[],"class_list":["post-249","post","type-post","status-publish","format-standard","hentry","category-geral"],"_links":{"self":[{"href":"https:\/\/forca1locacoes.com.br\/blog\/wp-json\/wp\/v2\/posts\/249","targetHints":{"allow":["GET"]}}],"collection":[{"href":"https:\/\/forca1locacoes.com.br\/blog\/wp-json\/wp\/v2\/posts"}],"about":[{"href":"https:\/\/forca1locacoes.com.br\/blog\/wp-json\/wp\/v2\/types\/post"}],"author":[{"embeddable":true,"href":"https:\/\/forca1locacoes.com.br\/blog\/wp-json\/wp\/v2\/users\/1"}],"replies":[{"embeddable":true,"href":"https:\/\/forca1locacoes.com.br\/blog\/wp-json\/wp\/v2\/comments?post=249"}],"version-history":[{"count":3,"href":"https:\/\/forca1locacoes.com.br\/blog\/wp-json\/wp\/v2\/posts\/249\/revisions"}],"predecessor-version":[{"id":253,"href":"https:\/\/forca1locacoes.com.br\/blog\/wp-json\/wp\/v2\/posts\/249\/revisions\/253"}],"wp:attachment":[{"href":"https:\/\/forca1locacoes.com.br\/blog\/wp-json\/wp\/v2\/media?parent=249"}],"wp:term":[{"taxonomy":"category","embeddable":true,"href":"https:\/\/forca1locacoes.com.br\/blog\/wp-json\/wp\/v2\/categories?post=249"},{"taxonomy":"post_tag","embeddable":true,"href":"https:\/\/forca1locacoes.com.br\/blog\/wp-json\/wp\/v2\/tags?post=249"}],"curies":[{"name":"wp","href":"https:\/\/api.w.org\/{rel}","templated":true}]}}