{"id":53,"date":"2020-01-15T12:54:00","date_gmt":"2020-01-15T15:54:00","guid":{"rendered":"https:\/\/forca1locacoes.com.br\/blog\/?p=53"},"modified":"2021-06-08T15:40:35","modified_gmt":"2021-06-08T18:40:35","slug":"seguranca-no-trabalho","status":"publish","type":"post","link":"https:\/\/forca1locacoes.com.br\/blog\/seguranca-no-trabalho\/","title":{"rendered":"Seguran\u00e7a no trabalho: prioridade em qualquer projeto de obra"},"content":{"rendered":"\n<figure class=\"wp-block-image alignfull size-large\"><img loading=\"lazy\" decoding=\"async\" width=\"626\" height=\"417\" src=\"https:\/\/forca1locacoes.com.br\/blog\/wp-content\/uploads\/2020\/01\/mesa-arquitectonica-com-ferramentas-de-trabalho_23-2148242978.jpg\" alt=\"seguran\u00e7a no trabalho\" class=\"wp-image-54\" srcset=\"https:\/\/forca1locacoes.com.br\/blog\/wp-content\/uploads\/2020\/01\/mesa-arquitectonica-com-ferramentas-de-trabalho_23-2148242978.jpg 626w, https:\/\/forca1locacoes.com.br\/blog\/wp-content\/uploads\/2020\/01\/mesa-arquitectonica-com-ferramentas-de-trabalho_23-2148242978-300x200.jpg 300w\" sizes=\"auto, (max-width: 626px) 100vw, 626px\" \/><\/figure>\n\n\n\n<p>Qual o grau de signific\u00e2ncia que voc\u00ea daria para a <strong>seguran\u00e7a no trabalho?<\/strong> Tenho certeza que esta seria alt\u00edssima. A partir disso, pode-se perceber que \u00e9 essencial tomar esta realidade como priorit\u00e1ria, principalmente no campo de obra.<\/p>\n\n\n\n\n\n<p>Ademais, \u00e9 not\u00f3rio compreender que est\u00e3o aumentando os n\u00fameros de acidentes diretamente relacionados ao ambiente de trabalho.Com base nesse cen\u00e1rio, \u00e9 primordial a exist\u00eancia da conscientiza\u00e7\u00e3o nas empresas sobre a dimens\u00e3o de investir na seguran\u00e7a do trabalho.&nbsp;<\/p>\n\n\n\n<p>Mas, como tornar essa import\u00e2ncia vi\u00e1vel e s\u00f3lida nas empresas?<\/p>\n\n\n\n<p>Veja a seguir!<\/p>\n\n\n\n<br><br>\n\n\n\n<h2 class=\"wp-block-heading\"><strong>Normatiza\u00e7\u00e3o<\/strong><\/h2>\n\n\n\n<p>A normatiza\u00e7\u00e3o \u00e9 o ato de criar e estabelecer normas. Mas, porque isto \u00e9 t\u00e3o importante para a seguran\u00e7a no trabalho? A normatiza\u00e7\u00e3o da mesma \u00e9 aplicada atrav\u00e9s de Normas Regulamentadoras, sendo de cumprimento obrigat\u00f3rio pelas empresas.<\/p>\n\n\n\n<p>Desta forma, o Minist\u00e9rio do Trabalho e Emprego (MTE), prop\u00f5e medidas obrigat\u00f3rias que, n\u00e3o sendo cumpridas, resultar\u00e3o na aplica\u00e7\u00e3o de penalidades, ao empregador, previstas na legisla\u00e7\u00e3o.<\/p>\n\n\n\n<br><br>\n\n\n\n<p>Dentro das Normas Regulamentadoras, podemos visualizar v\u00e1rias, dentre as quais, a NR 18, que estabelece as diretrizes administrativas, de planejamento e de organiza\u00e7\u00e3o para canteiros de obras.<\/p>\n\n\n\n<p>Esta tem a finalidade de implementar medidas de controle e sistemas preventivos de seguran\u00e7a em quaisquer que sejam os processos, condi\u00e7\u00f5es e meio ambiente de trabalho.<\/p>\n\n\n\n<p>Por isso, desta forma, \u00e9 poss\u00edvel perceber que a import\u00e2ncia da seguran\u00e7a no trabalho \u00e9 fundamental tanto para o empregador, quanto para o empregado.<\/p>\n\n\n\n<p>Mas, como isso funciona na pr\u00e1tica? Veremos a seguir!<br><\/p>\n\n\n\n<br><br>\n\n\n\n<h2 class=\"wp-block-heading\"><strong>A Seguran\u00e7a no Trabalho na Pr\u00e1tica<\/strong><\/h2>\n\n\n\n<p>Dentro do cen\u00e1rio de obras, percebe-se que existem v\u00e1rias eventualidades que podem facilitar a ocorr\u00eancia de algum acidente no trabalho, trazendo preju\u00edzos ao empregador e ao empregado.<\/p>\n\n\n\n<p>Por isso, \u00e9 necess\u00e1rio criar formas de cercar esses riscos e minimiz\u00e1-los ao m\u00e1ximo, dentro das obras, principalmente se este trabalho for realizado em alturas.<\/p>\n\n\n\n<p>Neste caso, de acordo com a NR 35, a pessoa capacitada para trabalhar em altura deve ter passado por treinamento e submeter a avalia\u00e7\u00f5es frequentes do estado de sa\u00fade.<\/p>\n\n\n\n<br><br>\n\n\n\n<p>\u00c9 importante entender que todo o trabalho a ser realizado num ambiente de obras e em altura, pode ser iniciado com uma boa elabora\u00e7\u00e3o do projeto e cumprimento das NRs.<\/p>\n\n\n\n<p>Esta elabora\u00e7\u00e3o, por sua vez, deve dar uma aten\u00e7\u00e3o especial para a seguran\u00e7a no trabalho, para n\u00e3o ocorrer nenhum tipo de problema e tudo seguir de forma equilibrada.<\/p>\n\n\n\n<p>Desta forma, n\u00e3o se pode deixar de falar dos equipamentos necess\u00e1rios para a preven\u00e7\u00e3o de acidentes, concorda? Ent\u00e3o vamos l\u00e1!<\/p>\n\n\n\n<br><br>\n\n\n\n<h2 class=\"wp-block-heading\"><strong>Equipamentos Necess\u00e1rios<\/strong><\/h2>\n\n\n\n<p>Dentro da seguran\u00e7a no trabalho, um ponto bastante interessante e indispens\u00e1vel para se entender, \u00e9 referente aos Equipamentos de Prote\u00e7\u00e3o Individual (EPI) e Equipamentos de Prote\u00e7\u00e3o Coletiva (EPC).<\/p>\n\n\n\n<p>Estes, por sua vez, s\u00e3o respons\u00e1veis por garantir a sa\u00fade e prote\u00e7\u00e3o do trabalhador individual ou, at\u00e9 mesmo, de um grupo de trabalhadores.<\/p>\n\n\n\n<p>Al\u00e9m disso, existe a NR 6, que estabelece que os EPIs devem ser fornecidos de forma gratuita ao trabalhador para o mesmo desenvolver suas tarefas na empresa.<\/p>\n\n\n\n<p>Alguns dos EPIs, s\u00e3o: <\/p>\n\n\n\n<ul class=\"wp-block-list\"><li>Capacete;<\/li><li>Protetores auriculares;<\/li><li>Botas;<\/li><li>Cintos de seguran\u00e7a;<\/li><li>Entre outros.<\/li><\/ul>\n\n\n\n<br><br>\n\n\n\n<p>Sobre os EPC, podemos citar: dispositivos protetores de plano horizontal, guarda-corpo, barreira com rede, entre outros.<\/p>\n\n\n\n<p>A partir disto, \u00e9 poss\u00edvel entender que o uso respons\u00e1vel e adequado do EPI, assim como, do EPC, evita grandes transtornos para o trabalhador e, tamb\u00e9m, para a empresa.<\/p>\n\n\n\n<p>Sendo assim, para o trabalho em altura, al\u00e9m dos dispositivos de seguran\u00e7a, deve haver um plano de resgate para situa\u00e7\u00f5es de risco ou acidentes.<\/p>\n\n\n\n<p>Com base no que foi exposto, \u00e9 importante ressaltar que a seguran\u00e7a no trabalho deve ser prioridade em todo projeto de obra. Para evitar qualquer preju\u00edzo, seja para o empregador ou para o empregado.<br><\/p>\n","protected":false},"excerpt":{"rendered":"<p>Qual o grau de signific\u00e2ncia que voc\u00ea daria para a seguran\u00e7a no trabalho? Tenho certeza que esta seria alt\u00edssima. A partir disso, pode-se perceber que \u00e9 essencial tomar esta realidade como priorit\u00e1ria, principalmente no campo de obra. Ademais, \u00e9 not\u00f3rio compreender que est\u00e3o aumentando os n\u00fameros de acidentes diretamente relacionados ao ambiente de trabalho.Com base [&hellip;]<\/p>\n","protected":false},"author":1,"featured_media":54,"comment_status":"open","ping_status":"open","sticky":false,"template":"","format":"standard","meta":{"footnotes":""},"categories":[3],"tags":[4],"class_list":["post-53","post","type-post","status-publish","format-standard","has-post-thumbnail","hentry","category-seguranca","tag-seguranca-no-trabalho-trabalho-em-altura-regras-de-ouro"],"_links":{"self":[{"href":"https:\/\/forca1locacoes.com.br\/blog\/wp-json\/wp\/v2\/posts\/53","targetHints":{"allow":["GET"]}}],"collection":[{"href":"https:\/\/forca1locacoes.com.br\/blog\/wp-json\/wp\/v2\/posts"}],"about":[{"href":"https:\/\/forca1locacoes.com.br\/blog\/wp-json\/wp\/v2\/types\/post"}],"author":[{"embeddable":true,"href":"https:\/\/forca1locacoes.com.br\/blog\/wp-json\/wp\/v2\/users\/1"}],"replies":[{"embeddable":true,"href":"https:\/\/forca1locacoes.com.br\/blog\/wp-json\/wp\/v2\/comments?post=53"}],"version-history":[{"count":2,"href":"https:\/\/forca1locacoes.com.br\/blog\/wp-json\/wp\/v2\/posts\/53\/revisions"}],"predecessor-version":[{"id":57,"href":"https:\/\/forca1locacoes.com.br\/blog\/wp-json\/wp\/v2\/posts\/53\/revisions\/57"}],"wp:featuredmedia":[{"embeddable":true,"href":"https:\/\/forca1locacoes.com.br\/blog\/wp-json\/wp\/v2\/media\/54"}],"wp:attachment":[{"href":"https:\/\/forca1locacoes.com.br\/blog\/wp-json\/wp\/v2\/media?parent=53"}],"wp:term":[{"taxonomy":"category","embeddable":true,"href":"https:\/\/forca1locacoes.com.br\/blog\/wp-json\/wp\/v2\/categories?post=53"},{"taxonomy":"post_tag","embeddable":true,"href":"https:\/\/forca1locacoes.com.br\/blog\/wp-json\/wp\/v2\/tags?post=53"}],"curies":[{"name":"wp","href":"https:\/\/api.w.org\/{rel}","templated":true}]}}